{"id":4858,"date":"2026-03-10T22:28:29","date_gmt":"2026-03-10T22:28:29","guid":{"rendered":"https:\/\/eljadidaone.com\/?p=4858"},"modified":"2026-03-10T22:28:29","modified_gmt":"2026-03-10T22:28:29","slug":"lunion-europeenne-les-objectifs-de-participation-citoyenne-a-la-production-denergie-verte-restent-hors-de-portee","status":"publish","type":"post","link":"https:\/\/eljadidaone.com\/?p=4858","title":{"rendered":"L\u2019Union europ\u00e9enne : les objectifs de participation citoyenne \u00e0 la production d\u2019\u00e9nergie verte restent hors de port\u00e9e"},"content":{"rendered":"<p>&nbsp;<\/p>\n<hr \/>\n<h2><strong>L\u2019Union europ\u00e9enne : les objectifs de participation citoyenne \u00e0 la production d\u2019\u00e9nergie verte restent hors de port\u00e9e<\/strong><\/h2>\n<h2><strong style=\"font-size: 16px;\">Bruxelles, 10 mars 2026 \u2013 Les ambitions de l\u2019Union europ\u00e9enne visant \u00e0 impliquer les citoyens, les petites entreprises et les autorit\u00e9s locales dans la production et la gestion de l\u2019\u00e9nergie verte sont encore loin d\u2019\u00eatre r\u00e9alis\u00e9es, selon un rapport publi\u00e9 lundi par la Cour des comptes europ\u00e9enne.<\/strong><\/h2>\n<p><strong>Pr\u00e8s de dix ans apr\u00e8s l\u2019annonce de ces objectifs, l\u2019id\u00e9e de constituer des communaut\u00e9s \u00e9nerg\u00e9tiques \u2014 structures permettant aux citoyens et aux acteurs locaux de produire, g\u00e9rer et partager l\u2019\u00e9nergie \u2014 reste confront\u00e9e \u00e0 de nombreux obstacles techniques et juridiques. Selon le rapport, le nombre de ces communaut\u00e9s et leur contribution \u00e0 la production d\u2019\u00e9nergie verte restent limit\u00e9s, ce qui \u00e9loigne fortement les r\u00e9sultats obtenus des attentes initiales.<\/strong><\/p>\n<p><strong>Parmi les freins identifi\u00e9s, la Cour cite notamment le flou juridique des directives europ\u00e9ennes, qui complique la participation des associations de copropri\u00e9taires, ainsi que les retards de raccordement au r\u00e9seau et le manque d\u2019incitations au stockage de l\u2019\u00e9nergie, ralentissant le d\u00e9veloppement des projets.<\/strong><\/p>\n<p><strong>Ces communaut\u00e9s \u00e9nerg\u00e9tiques peuvent prendre diverses formes, allant de panneaux solaires install\u00e9s sur des toits partag\u00e9s \u00e0 des \u00e9oliennes d\u00e9tenues collectivement, fournissant ainsi l\u2019\u00e9lectricit\u00e9 \u00e0 un quartier ou \u00e0 un village. Elles peuvent \u00e9galement b\u00e9n\u00e9ficier de plusieurs milliards d\u2019euros de financements europ\u00e9ens, souligne le rapport.<\/strong><\/p>\n<p><strong>Pour l\u2019Union europ\u00e9enne, ces initiatives sont consid\u00e9r\u00e9es comme un levier essentiel pour atteindre ses objectifs climatiques et \u00e9nerg\u00e9tiques. L\u2019UE pr\u00e9voyait que, d\u2019ici 2030, les communaut\u00e9s \u00e9nerg\u00e9tiques repr\u00e9senteraient 17 % de la capacit\u00e9 de production \u00e9olienne et 21 % de la capacit\u00e9 solaire.<\/strong><\/p>\n<p><strong>Cependant, le constat sur le terrain est moins optimiste. Selon les auditeurs, ces pr\u00e9visions \u00e9taient trop optimistes, le nombre de communaut\u00e9s \u00e9nerg\u00e9tiques existantes restant faible. Jo\u00e3o Liao, membre de la Cour charg\u00e9 du rapport, explique : \u00ab Dans un contexte o\u00f9 l\u2019Europe s\u2019efforce d\u2019atteindre ses objectifs climatiques et \u00e9nerg\u00e9tiques, l\u2019\u00e9nergie citoyenne reste s\u00e9duisante sur le papier, mais difficile \u00e0 mettre en \u0153uvre sur le terrain \u00bb.<\/strong><\/p>\n<p><strong>Le rapport appelle l\u2019UE \u00e0 lever les obstacles juridiques et techniques afin de permettre \u00e0 ces initiatives de se concr\u00e9tiser. L\u2019un des objectifs fixait la cr\u00e9ation d\u2019au moins une communaut\u00e9 \u00e9nerg\u00e9tique renouvelable dans chaque commune de plus de 10 000 habitants d\u2019ici 2025. La Commission europ\u00e9enne n\u2019a toutefois pas encore publi\u00e9 de rapport sur l\u2019atteinte de cet objectif, et les donn\u00e9es recueillies par la Cour indiquent qu\u2019il reste largement inachev\u00e9<\/strong><\/p>\n","protected":false},"excerpt":{"rendered":"<p>&nbsp; L\u2019Union europ\u00e9enne : les objectifs de participation citoyenne \u00e0 la production d\u2019\u00e9nergie verte restent hors de port\u00e9e Bruxelles, 10 mars 2026 \u2013 Les ambitions de l\u2019Union europ\u00e9enne visant \u00e0 impliquer les citoyens, les petites entreprises et les autorit\u00e9s locales dans la production et la gestion de l\u2019\u00e9nergie verte sont encore loin d\u2019\u00eatre r\u00e9alis\u00e9es, selon &hellip;<\/p>\n","protected":false},"author":2,"featured_media":4859,"comment_status":"open","ping_status":"open","sticky":false,"template":"","format":"standard","meta":{"footnotes":""},"categories":[40],"tags":[],"class_list":["post-4858","post","type-post","status-publish","format-standard","has-post-thumbnail","hentry","category-el-jadidaone-fr"],"aioseo_notices":[],"_links":{"self":[{"href":"https:\/\/eljadidaone.com\/index.php?rest_route=\/wp\/v2\/posts\/4858","targetHints":{"allow":["GET"]}}],"collection":[{"href":"https:\/\/eljadidaone.com\/index.php?rest_route=\/wp\/v2\/posts"}],"about":[{"href":"https:\/\/eljadidaone.com\/index.php?rest_route=\/wp\/v2\/types\/post"}],"author":[{"embeddable":true,"href":"https:\/\/eljadidaone.com\/index.php?rest_route=\/wp\/v2\/users\/2"}],"replies":[{"embeddable":true,"href":"https:\/\/eljadidaone.com\/index.php?rest_route=%2Fwp%2Fv2%2Fcomments&post=4858"}],"version-history":[{"count":1,"href":"https:\/\/eljadidaone.com\/index.php?rest_route=\/wp\/v2\/posts\/4858\/revisions"}],"predecessor-version":[{"id":4860,"href":"https:\/\/eljadidaone.com\/index.php?rest_route=\/wp\/v2\/posts\/4858\/revisions\/4860"}],"wp:featuredmedia":[{"embeddable":true,"href":"https:\/\/eljadidaone.com\/index.php?rest_route=\/wp\/v2\/media\/4859"}],"wp:attachment":[{"href":"https:\/\/eljadidaone.com\/index.php?rest_route=%2Fwp%2Fv2%2Fmedia&parent=4858"}],"wp:term":[{"taxonomy":"category","embeddable":true,"href":"https:\/\/eljadidaone.com\/index.php?rest_route=%2Fwp%2Fv2%2Fcategories&post=4858"},{"taxonomy":"post_tag","embeddable":true,"href":"https:\/\/eljadidaone.com\/index.php?rest_route=%2Fwp%2Fv2%2Ftags&post=4858"}],"curies":[{"name":"wp","href":"https:\/\/api.w.org\/{rel}","templated":true}]}}